{"id":362,"date":"2026-04-16T12:27:08","date_gmt":"2026-04-16T10:27:08","guid":{"rendered":"https:\/\/www.nemeckepravo.cz\/?p=362"},"modified":"2026-04-16T12:27:27","modified_gmt":"2026-04-16T10:27:27","slug":"nakladny-dopis-jmenem-abmahnung-nejdrazsi-upozorneni-ktere-muze-vas-e-shop-z-nemecka-dostat","status":"publish","type":"post","link":"https:\/\/www.nemeckepravo.cz\/?p=362","title":{"rendered":"N\u00e1kladn\u00fd dopis jm\u00e9nem \u201eAbmahnung\u201c: Nejdra\u017e\u0161\u00ed upozorn\u011bn\u00ed, kter\u00e9 m\u016f\u017ee v\u00e1\u0161 e-shop z N\u011bmecka dostat"},"content":{"rendered":"\n<p><strong>Odborn\u00e1 komparace vym\u00e1h\u00e1n\u00ed pr\u00e1va v e-commerce, nov\u00e1 legislativa DDG a obrana proti zneu\u017e\u00edvaj\u00edc\u00edm v\u00fdzv\u00e1m podle judikatury BGH<\/strong><\/p>\n\n\n\n<p><em>Autor: JUDr. Tom\u00e1\u0161 Mach, LL.M., Ph.D., advok\u00e1t (CZ\/DE\/SK) a soudn\u00ed znalec<\/em><\/p>\n\n\n\n<p>Expanze \u010desk\u00e9 e-commerce na n\u011bmeck\u00fd trh je logick\u00fdm krokem pro mnoho rostouc\u00edch spole\u010dnost\u00ed. \u0158ada \u010desk\u00fdch podnikatel\u016f se v\u0161ak na trh s dom\u00e9nou <code>.de<\/code> vrh\u00e1 vyzbrojena pouze selsk\u00fdm rozumem a zvyklostmi z dom\u00e1c\u00edho trhu. V \u010cesk\u00e9 republice plat\u00ed nepsan\u00e9 pravidlo, \u017ee pokud na webu ud\u011bl\u00e1te form\u00e1ln\u00ed chybu (nap\u0159\u00edklad chyb\u00ed povinn\u00fd \u00fadaj nebo nen\u00ed spr\u00e1vn\u011b nastaveno cookies \u0159e\u0161en\u00ed), v hor\u0161\u00edm p\u0159\u00edpad\u011b zas\u00e1hne \u010cesk\u00e1 obchodn\u00ed inspekce s pokutou, v lep\u0161\u00edm p\u0159\u00edpad\u011b v\u00e1s konkurent pouze neform\u00e1ln\u011b upozorn\u00ed. N\u00e1klady na n\u00e1pravu se obvykle rovnaj\u00ed \u010dasu va\u0161eho program\u00e1tora.<\/p>\n\n\n\n<p>V N\u011bmecku v\u00e1s v\u0161ak toto spol\u00e9h\u00e1n\u00ed se na neform\u00e1ln\u00ed \u0159e\u0161en\u00ed m\u016f\u017ee st\u00e1t tis\u00edce a\u017e desetitis\u00edce eur. Vym\u00e1h\u00e1n\u00ed pravidel nekal\u00e9 sout\u011b\u017ee je zde z velk\u00e9 \u010d\u00e1sti realizov\u00e1no prost\u0159ednictv\u00edm soukromopr\u00e1vn\u00edch n\u00e1rok\u016f konkurent\u016f a opr\u00e1vn\u011bn\u00fdch sdru\u017een\u00ed. Typick\u00fdm n\u00e1strojem je tzv. <strong>Abmahnung<\/strong> \u2013 mimosoudn\u00ed v\u00fdzva k zanech\u00e1n\u00ed protipr\u00e1vn\u00edho jedn\u00e1n\u00ed, kter\u00e1 m\u016f\u017ee m\u00edt v\u00fdznamn\u00e9 finan\u010dn\u00ed dopady.<\/p>\n\n\n\n<hr class=\"wp-block-separator has-alpha-channel-opacity\"\/>\n\n\n\n<h2 class=\"wp-block-heading\">1. Co je to Abmahnung a jak funguje syst\u00e9m vym\u00e1h\u00e1n\u00ed v praxi<\/h2>\n\n\n\n<p>N\u011bmeck\u00fd z\u00e1kon proti nekal\u00e9 sout\u011b\u017ei (<em>Gesetz gegen den unlauteren Wettbewerb<\/em> \u2013 UWG) umo\u017e\u0148uje konkurent\u016fm a opr\u00e1vn\u011bn\u00fdm sdru\u017een\u00edm zas\u00e1hnout proti poru\u0161en\u00ed tr\u017en\u00edch pravidel formou mimosoudn\u00ed v\u00fdzvy k odstran\u011bn\u00ed z\u00e1vadn\u00e9ho stavu.<\/p>\n\n\n\n<p>P\u016fvodn\u00ed my\u0161lenkou tohoto institutu bylo odleh\u010dit soud\u016fm a umo\u017enit \u0159e\u0161en\u00ed spor\u016f mezi podnikateli mimosoudn\u011b. V praxi se v\u0161ak tento mechanismus stal v\u00fdznamn\u00fdm n\u00e1strojem vym\u00e1h\u00e1n\u00ed pr\u00e1va, kter\u00fd je \u010dasto vyu\u017e\u00edv\u00e1n systematicky a ve velk\u00e9m rozsahu.<\/p>\n\n\n\n<p>N\u011bkter\u00e9 advok\u00e1tn\u00ed kancel\u00e1\u0159e a opr\u00e1vn\u011bn\u00e1 sdru\u017een\u00ed (<em>Wettbewerbsverb\u00e4nde<\/em>) vyhled\u00e1vaj\u00ed form\u00e1ln\u00ed nedostatky na webov\u00fdch str\u00e1nk\u00e1ch pomoc\u00ed automatizovan\u00fdch n\u00e1stroj\u016f. Po zji\u0161t\u011bn\u00ed poru\u0161en\u00ed n\u00e1sledn\u011b rozes\u00edlaj\u00ed standardizovan\u00e9 v\u00fdzvy k n\u00e1prav\u011b.<\/p>\n\n\n\n<p>Z pohledu \u010desk\u00e9ho podnikatele se hlavn\u00ed finan\u010dn\u00ed riziko skr\u00fdv\u00e1 ve dvou d\u016fsledc\u00edch doru\u010den\u00ed Abmahnung:<\/p>\n\n\n\n<h3 class=\"wp-block-heading\">1. Aufwendungsersatz (n\u00e1hrada n\u00e1klad\u016f pr\u00e1vn\u00edho zastoupen\u00ed)<\/h3>\n\n\n\n<p>Advok\u00e1t odes\u00edlatele po\u017eaduje \u00fahradu sv\u00fdch n\u00e1klad\u016f. Ty se po\u010d\u00edtaj\u00ed podle hodnoty sporu (<em>Streitwert<\/em>). U b\u011b\u017en\u00fdch e-commerce pochyben\u00ed se hodnota sporu typicky pohybuje v rozmez\u00ed p\u0159ibli\u017en\u011b <strong>5 000 a\u017e 30 000 EUR<\/strong>, v z\u00e1vislosti na charakteru poru\u0161en\u00ed a velikosti podnikatele. To m\u016f\u017ee generovat n\u00e1klady ve v\u00fd\u0161i vy\u0161\u0161\u00edch stovek a\u017e tis\u00edc\u016f eur.<\/p>\n\n\n\n<h3 class=\"wp-block-heading\">2. Unterlassungserkl\u00e4rung (prohl\u00e1\u0161en\u00ed o zanech\u00e1n\u00ed jedn\u00e1n\u00ed)<\/h3>\n\n\n\n<p>Adres\u00e1t v\u00fdzvy je zpravidla vyzv\u00e1n k podpisu prohl\u00e1\u0161en\u00ed o zanech\u00e1n\u00ed protipr\u00e1vn\u00edho jedn\u00e1n\u00ed. Jedn\u00e1 se o <strong>\u010dasov\u011b neomezen\u00fd z\u00e1vazek<\/strong>, jeho\u017e poru\u0161en\u00ed m\u016f\u017ee v\u00e9st k povinnosti zaplatit smluvn\u00ed pokutu (<em>Vertragsstrafe<\/em>), kter\u00e1 b\u00fdv\u00e1 stanovena v \u0159\u00e1du tis\u00edc\u016f eur za ka\u017ed\u00e9 jednotliv\u00e9 poru\u0161en\u00ed.<\/p>\n\n\n\n<hr class=\"wp-block-separator has-alpha-channel-opacity\"\/>\n\n\n\n<h2 class=\"wp-block-heading\">2. Aktu\u00e1ln\u00ed legislativn\u00ed zm\u011bny: P\u0159echod od TMG k DDG<\/h2>\n\n\n\n<p>Jednou z nej\u010dast\u011bj\u0161\u00edch oblast\u00ed, na kterou se v\u00fdzvy zam\u011b\u0159uj\u00ed, je <strong>Impressum<\/strong> (povinn\u00e9 informace o poskytovateli slu\u017eby na webu).<\/p>\n\n\n\n<p>Mnoho star\u0161\u00edch n\u011bmeck\u00fdch verz\u00ed webov\u00fdch str\u00e1nek st\u00e1le obsahuje odkazy na telemedi\u00e1ln\u00ed z\u00e1kon (<em>Telemediengesetz \u2013 TMG<\/em>), nap\u0159\u00edklad formulaci <em>\u201eAngaben gem. \u00a7 5 TMG\u201c<\/em>. V souvislosti s implementac\u00ed evropsk\u00e9ho <strong>Digital Services Act (DSA)<\/strong> do\u0161lo v roce <strong>2024<\/strong> k z\u00e1sadn\u00edm legislativn\u00edm zm\u011bn\u00e1m.<\/p>\n\n\n\n<p>Podstatn\u00e1 \u010d\u00e1st \u00fapravy TMG byla nahrazena z\u00e1konem <strong>Digitale-Dienste-Gesetz (DDG)<\/strong>, kter\u00fd dnes upravuje obecn\u00e9 informa\u010dn\u00ed povinnosti poskytovatel\u016f digit\u00e1ln\u00edch slu\u017eeb, v\u010detn\u011b po\u017eadavk\u016f na Impressum podle <strong>\u00a7 5 DDG<\/strong>.<\/p>\n\n\n\n<p>Pou\u017e\u00edv\u00e1n\u00ed zastaral\u00fdch odkaz\u016f na TMG samo o sob\u011b nemus\u00ed automaticky znamenat poru\u0161en\u00ed pr\u00e1va, ale m\u016f\u017ee b\u00fdt indik\u00e1torem, \u017ee web nebyl pr\u00e1vn\u011b aktualizov\u00e1n. V kombinaci s dal\u0161\u00edmi nedostatky m\u016f\u017ee p\u0159edstavovat zv\u00fd\u0161en\u00e9 riziko pr\u00e1vn\u00edho napaden\u00ed.<\/p>\n\n\n\n<p>Mezi typick\u00e9 nedostatky v Impressu pat\u0159\u00ed zejm\u00e9na:<\/p>\n\n\n\n<ul class=\"wp-block-list\">\n<li>chyb\u011bj\u00edc\u00ed nebo ne\u00fapln\u00e9 \u00fadaje o obchodn\u00edm rejst\u0159\u00edku<\/li>\n\n\n\n<li>absence identifika\u010dn\u00edho \u010d\u00edsla k DPH (<em>Umsatzsteuer-Identifikationsnummer<\/em>)<\/li>\n\n\n\n<li>ne\u00fapln\u00e9 ozna\u010den\u00ed statut\u00e1rn\u00edho org\u00e1nu<\/li>\n\n\n\n<li>nedostate\u010dn\u00e9 kontaktn\u00ed \u00fadaje (zejm\u00e9na funk\u010dn\u00ed e-mailov\u00e1 adresa)<\/li>\n<\/ul>\n\n\n\n<p>Historicky byla povinn\u00e1 tak\u00e9 informace o evropsk\u00e9 platform\u011b pro \u0159e\u0161en\u00ed spot\u0159ebitelsk\u00fdch spor\u016f (ODR). Tato platforma byla v roce <strong>2024 ukon\u010dena<\/strong>, a povinnost uv\u00e1d\u011bt p\u0159\u00edslu\u0161n\u00fd odkaz ji\u017e obecn\u011b neplat\u00ed.<\/p>\n\n\n\n<p>Vedle Impressa pat\u0159\u00ed mezi \u010dast\u00e9 d\u016fvody v\u00fdzev rovn\u011b\u017e nedostatky v oblasti ochrany osobn\u00edch \u00fadaj\u016f, zejm\u00e9na:<\/p>\n\n\n\n<ul class=\"wp-block-list\">\n<li>nedostate\u010dn\u00e1 nebo neaktu\u00e1ln\u00ed <strong>Datenschutzerkl\u00e4rung<\/strong><\/li>\n\n\n\n<li>nespr\u00e1vn\u011b implementovan\u00e9 cookies \u0159e\u0161en\u00ed<\/li>\n\n\n\n<li>nejasn\u00e9 informace o zpracov\u00e1n\u00ed osobn\u00edch \u00fadaj\u016f<\/li>\n<\/ul>\n\n\n\n<hr class=\"wp-block-separator has-alpha-channel-opacity\"\/>\n\n\n\n<h2 class=\"wp-block-heading\">3. Obrana v praxi: \u201eRechtsmissbrauch\u201c a judikatura BGH<\/h2>\n\n\n\n<p>N\u011bmeck\u00fd z\u00e1konod\u00e1rce se pokusil omezit zneu\u017e\u00edv\u00e1n\u00ed syst\u00e9mu v\u00fdzev novelou z\u00e1kona UWG (<em>Gesetz zur St\u00e4rkung des fairen Wettbewerbs<\/em>).<\/p>\n\n\n\n<p>Tato reforma pos\u00edlila krit\u00e9ria pro posuzov\u00e1n\u00ed zneu\u017eit\u00ed pr\u00e1va (<em>Rechtsmissbrauch<\/em>) podle <strong>\u00a7 8c UWG<\/strong> a omezila v n\u011bkter\u00fdch p\u0159\u00edpadech n\u00e1rok konkurent\u016f na n\u00e1hradu n\u00e1klad\u016f advok\u00e1ta u \u010dist\u011b form\u00e1ln\u00edch pochyben\u00ed.<\/p>\n\n\n\n<p>Je v\u0161ak d\u016fle\u017eit\u00e9 zd\u016fraznit, \u017ee i v t\u011bchto p\u0159\u00edpadech m\u016f\u017ee b\u00fdt st\u00e1le po\u017eadov\u00e1no zanech\u00e1n\u00ed protipr\u00e1vn\u00edho jedn\u00e1n\u00ed (<em>Unterlassung<\/em>), a samotn\u00e1 v\u00fdzva tedy neztr\u00e1c\u00ed pr\u00e1vn\u00ed v\u00fdznam.<\/p>\n\n\n\n<p>V praxi se nav\u00edc \u010dasto setk\u00e1v\u00e1me s t\u00edm, \u017ee v\u00fdzvy odes\u00edlaj\u00ed specializovan\u00e1 sdru\u017een\u00ed na ochranu hospod\u00e1\u0159sk\u00e9 sout\u011b\u017ee, kter\u00e1 maj\u00ed zvl\u00e1\u0161tn\u00ed postaven\u00ed a jejich\u017e opr\u00e1vn\u011bn\u00ed k uplat\u0148ov\u00e1n\u00ed n\u00e1rok\u016f z\u016fst\u00e1v\u00e1 zachov\u00e1no.<\/p>\n\n\n\n<p>Pokud adres\u00e1t obdr\u017e\u00ed Abmahnung, jedn\u00edm z prvn\u00edch krok\u016f by m\u011blo b\u00fdt posouzen\u00ed, zda v\u00fdzva nen\u00ed zneu\u017e\u00edvaj\u00edc\u00ed.<\/p>\n\n\n\n<p>V p\u0159\u00edpad\u011b zneu\u017e\u00edvaj\u00edc\u00ed v\u00fdzvy m\u016f\u017ee odes\u00edlatel ztratit n\u00e1rok na n\u00e1hradu n\u00e1klad\u016f, a adres\u00e1t m\u016f\u017ee za ur\u010dit\u00fdch okolnost\u00ed uplatnit vlastn\u00ed n\u00e1rok na n\u00e1hradu n\u00e1klad\u016f pr\u00e1vn\u00ed obrany podle <strong>\u00a7 13 odst. 5 UWG<\/strong>.<\/p>\n\n\n\n<p>Judikatura Spolkov\u00e9ho soudn\u00edho dvora (<em>Bundesgerichtshof \u2013 BGH<\/em>) je v\u0161ak v t\u00e9to oblasti pom\u011brn\u011b p\u0159\u00edsn\u00e1. Nap\u0159\u00edklad v rozhodnut\u00ed sp. zn. <strong>I ZR 17\/18<\/strong> BGH konstatoval, \u017ee samotn\u00e1 skute\u010dnost, \u017ee advok\u00e1t rozes\u00edl\u00e1 v\u011bt\u0161\u00ed mno\u017estv\u00ed v\u00fdzev nebo \u017ee v\u00fdzva byla reakc\u00ed na p\u0159edchoz\u00ed spor, automaticky neznamen\u00e1 zneu\u017eit\u00ed pr\u00e1va. D\u016fkazn\u00ed b\u0159emeno existence zneu\u017eit\u00ed le\u017e\u00ed na adres\u00e1tovi v\u00fdzvy.<\/p>\n\n\n\n<hr class=\"wp-block-separator has-alpha-channel-opacity\"\/>\n\n\n\n<h2 class=\"wp-block-heading\">Z\u00e1v\u011br a doporu\u010den\u00ed advok\u00e1ta<\/h2>\n\n\n\n<p>N\u011bmeck\u00fd e-commerce trh klade vysok\u00e9 n\u00e1roky na form\u00e1ln\u00ed spr\u00e1vnost webov\u00fdch prezentac\u00ed. Pokud advok\u00e1tn\u00ed dopis ozna\u010den\u00fd jako <strong>Abmahnung<\/strong> doraz\u00ed do va\u0161\u00ed datov\u00e9 schr\u00e1nky nebo e-mailu, doporu\u010dujeme dodr\u017eet n\u00e1sleduj\u00edc\u00ed z\u00e1kladn\u00ed pravidla:<\/p>\n\n\n\n<h3 class=\"wp-block-heading\">1. Nikdy listinu neignorujte<\/h3>\n\n\n\n<p>Reak\u010dn\u00ed lh\u016fty (<em>Fristsetzung<\/em>) b\u00fdvaj\u00ed velmi kr\u00e1tk\u00e9, \u010dasto v rozsahu <strong>3 a\u017e 5 dn\u016f<\/strong>. Ignorov\u00e1n\u00ed v\u00fdzvy zpravidla vede k rychl\u00e9mu pod\u00e1n\u00ed n\u00e1vrhu na vyd\u00e1n\u00ed p\u0159edb\u011b\u017en\u00e9ho opat\u0159en\u00ed (<em>einstweilige Verf\u00fcgung<\/em>), co\u017e m\u016f\u017ee v\u00fdznamn\u011b zv\u00fd\u0161it n\u00e1klady sporu.<\/p>\n\n\n\n<hr class=\"wp-block-separator has-alpha-channel-opacity\"\/>\n\n\n\n<h3 class=\"wp-block-heading\">2. Nepodepisujte p\u0159ilo\u017eenou Unterlassungserkl\u00e4rung bez pr\u00e1vn\u00ed kontroly<\/h3>\n\n\n\n<p>P\u0159ilo\u017een\u00e9 prohl\u00e1\u0161en\u00ed b\u00fdv\u00e1 formulov\u00e1no velmi \u0161iroce a m\u016f\u017ee obsahovat vysok\u00e9 smluvn\u00ed pokuty. V praxi se \u010dasto vypracov\u00e1v\u00e1 tzv. <strong>modifikovan\u00e9 prohl\u00e1\u0161en\u00ed (<em>modifizierte Unterlassungserkl\u00e4rung<\/em>)<\/strong>, kter\u00e9 omezuje rozsah z\u00e1vazku na nezbytn\u00e9 minimum a upravuje mechanismus smluvn\u00ed pokuty, \u010dasto podle principu tzv. <strong>Hamburger Brauch<\/strong>.<\/p>\n\n\n\n<hr class=\"wp-block-separator has-alpha-channel-opacity\"\/>\n\n\n\n<h3 class=\"wp-block-heading\">3. Prov\u00e1d\u011bjte preventivn\u00ed pr\u00e1vn\u00ed audit webu<\/h3>\n\n\n\n<p>Preventivn\u00ed kontrola webu je zpravidla v\u00fdrazn\u011b levn\u011bj\u0161\u00ed ne\u017e \u0159e\u0161en\u00ed n\u00e1sledk\u016f doru\u010den\u00e9 v\u00fdzvy. Doporu\u010duje se pravideln\u011b kontrolovat zejm\u00e9na:<\/p>\n\n\n\n<ul class=\"wp-block-list\">\n<li>aktu\u00e1lnost Impressa podle <strong>\u00a7 5 DDG<\/strong><\/li>\n\n\n\n<li>spr\u00e1vnost <strong>Datenschutzerkl\u00e4rung<\/strong><\/li>\n\n\n\n<li>implementaci cookies \u0159e\u0161en\u00ed<\/li>\n\n\n\n<li>\u00faplnost \u00fadaj\u016f o podnikateli<\/li>\n<\/ul>\n\n\n\n<hr class=\"wp-block-separator has-alpha-channel-opacity\"\/>\n\n\n\n<p>Abmahnung je standardn\u00edm n\u00e1strojem n\u011bmeck\u00e9ho pr\u00e1vn\u00edho syst\u00e9mu, kter\u00fd m\u016f\u017ee m\u00edt v\u00fdznamn\u00e9 finan\u010dn\u00ed dopady, zejm\u00e9na pro podnikatele vstupuj\u00edc\u00ed na n\u011bmeck\u00fd trh. P\u0159i spr\u00e1vn\u00e9m pr\u00e1vn\u00edm postupu v\u0161ak lze rizika t\u011bchto v\u00fdzev v\u00fdrazn\u011b sn\u00ed\u017eit a v n\u011bkter\u00fdch p\u0159\u00edpadech i \u00fasp\u011b\u0161n\u011b eliminovat.<\/p>\n\n\n\n<p>Pravideln\u00e1 pr\u00e1vn\u00ed kontrola webu a v\u010dasn\u00e1 reakce na doru\u010den\u00e9 v\u00fdzvy pat\u0159\u00ed mezi z\u00e1kladn\u00ed preventivn\u00ed opat\u0159en\u00ed ka\u017ed\u00e9ho podnikatele p\u016fsob\u00edc\u00edho na n\u011bmeck\u00e9m trhu.<\/p>\n\n\n\n<div class=\"wp-block-contact-form-7-contact-form-selector\">\n<div class=\"wpcf7 no-js\" id=\"wpcf7-f114-o1\" lang=\"cs-CZ\" dir=\"ltr\" data-wpcf7-id=\"114\">\n<div class=\"screen-reader-response\"><p role=\"status\" aria-live=\"polite\" aria-atomic=\"true\"><\/p> <ul><\/ul><\/div>\n<form action=\"\/index.php?rest_route=%2Fwp%2Fv2%2Fposts%2F362#wpcf7-f114-o1\" method=\"post\" class=\"wpcf7-form init\" aria-label=\"Kontaktn\u00ed formul\u00e1\u0159\" novalidate=\"novalidate\" data-status=\"init\">\n<fieldset class=\"hidden-fields-container\"><input type=\"hidden\" name=\"_wpcf7\" value=\"114\" \/><input type=\"hidden\" name=\"_wpcf7_version\" value=\"6.1.4\" \/><input type=\"hidden\" name=\"_wpcf7_locale\" value=\"cs_CZ\" \/><input type=\"hidden\" name=\"_wpcf7_unit_tag\" value=\"wpcf7-f114-o1\" \/><input type=\"hidden\" name=\"_wpcf7_container_post\" value=\"0\" \/><input type=\"hidden\" name=\"_wpcf7_posted_data_hash\" value=\"\" \/>\n<\/fieldset>\n<p><label> Va\u0161e jm\u00e9no<br \/>\n<span class=\"wpcf7-form-control-wrap\" data-name=\"your-name\"><input size=\"40\" maxlength=\"400\" class=\"wpcf7-form-control wpcf7-text wpcf7-validates-as-required\" aria-required=\"true\" aria-invalid=\"false\" value=\"\" type=\"text\" name=\"your-name\" \/><\/span> <\/label>\n<\/p>\n<p><label> V\u00e1\u0161 e-mail<br \/>\n<span class=\"wpcf7-form-control-wrap\" data-name=\"your-email\"><input size=\"40\" maxlength=\"400\" class=\"wpcf7-form-control wpcf7-email wpcf7-validates-as-required wpcf7-text wpcf7-validates-as-email\" aria-required=\"true\" aria-invalid=\"false\" value=\"\" type=\"email\" name=\"your-email\" \/><\/span> <\/label>\n<\/p>\n<p><label> P\u0159edm\u011bt<br \/>\n<span class=\"wpcf7-form-control-wrap\" data-name=\"your-subject\"><input size=\"40\" maxlength=\"400\" class=\"wpcf7-form-control wpcf7-text wpcf7-validates-as-required\" aria-required=\"true\" aria-invalid=\"false\" value=\"\" type=\"text\" name=\"your-subject\" \/><\/span> <\/label>\n<\/p>\n<p><label> Va\u0161e zpr\u00e1va (voliteln\u00fd)<br \/>\n<span class=\"wpcf7-form-control-wrap\" data-name=\"your-message\"><textarea cols=\"40\" rows=\"10\" maxlength=\"2000\" class=\"wpcf7-form-control wpcf7-textarea\" aria-invalid=\"false\" name=\"your-message\"><\/textarea><\/span> <\/label>\n<\/p>\n<p><input class=\"wpcf7-form-control wpcf7-submit has-spinner\" type=\"submit\" value=\"Odeslat\" \/>\n<\/p><div class=\"wpcf7-response-output\" aria-hidden=\"true\"><\/div>\n<\/form>\n<\/div>\n<\/div>\n","protected":false},"excerpt":{"rendered":"<p>Odborn\u00e1 komparace vym\u00e1h\u00e1n\u00ed pr\u00e1va v e-commerce, nov\u00e1 legislativa DDG a obrana proti zneu\u017e\u00edvaj\u00edc\u00edm v\u00fdzv\u00e1m podle judikatury BGH Autor: JUDr. Tom\u00e1\u0161 Mach, LL.M., Ph.D., advok\u00e1t (CZ\/DE\/SK) [&#8230;]<\/p>\n","protected":false},"author":2,"featured_media":363,"comment_status":"closed","ping_status":"closed","sticky":false,"template":"","format":"standard","meta":{"footnotes":""},"categories":[1],"tags":[],"class_list":["post-362","post","type-post","status-publish","format-standard","has-post-thumbnail","hentry","category-nezarazene"],"_links":{"self":[{"href":"https:\/\/www.nemeckepravo.cz\/index.php?rest_route=\/wp\/v2\/posts\/362","targetHints":{"allow":["GET"]}}],"collection":[{"href":"https:\/\/www.nemeckepravo.cz\/index.php?rest_route=\/wp\/v2\/posts"}],"about":[{"href":"https:\/\/www.nemeckepravo.cz\/index.php?rest_route=\/wp\/v2\/types\/post"}],"author":[{"embeddable":true,"href":"https:\/\/www.nemeckepravo.cz\/index.php?rest_route=\/wp\/v2\/users\/2"}],"replies":[{"embeddable":true,"href":"https:\/\/www.nemeckepravo.cz\/index.php?rest_route=%2Fwp%2Fv2%2Fcomments&post=362"}],"version-history":[{"count":1,"href":"https:\/\/www.nemeckepravo.cz\/index.php?rest_route=\/wp\/v2\/posts\/362\/revisions"}],"predecessor-version":[{"id":364,"href":"https:\/\/www.nemeckepravo.cz\/index.php?rest_route=\/wp\/v2\/posts\/362\/revisions\/364"}],"wp:featuredmedia":[{"embeddable":true,"href":"https:\/\/www.nemeckepravo.cz\/index.php?rest_route=\/wp\/v2\/media\/363"}],"wp:attachment":[{"href":"https:\/\/www.nemeckepravo.cz\/index.php?rest_route=%2Fwp%2Fv2%2Fmedia&parent=362"}],"wp:term":[{"taxonomy":"category","embeddable":true,"href":"https:\/\/www.nemeckepravo.cz\/index.php?rest_route=%2Fwp%2Fv2%2Fcategories&post=362"},{"taxonomy":"post_tag","embeddable":true,"href":"https:\/\/www.nemeckepravo.cz\/index.php?rest_route=%2Fwp%2Fv2%2Ftags&post=362"}],"curies":[{"name":"wp","href":"https:\/\/api.w.org\/{rel}","templated":true}]}}